{"id":232686,"date":"2022-05-05T20:45:33","date_gmt":"2022-05-05T17:45:33","guid":{"rendered":"https:\/\/euromaidanpress.com\/2022\/05\/05\/hunting-fascism-in-ukraine-you-overlooked-fascism-in-russia\/"},"modified":"2023-10-19T15:27:16","modified_gmt":"2023-10-19T12:27:16","slug":"hunting-fascism-in-ukraine-you-overlooked-fascism-in-russia","status":"publish","type":"post","link":"https:\/\/euromaidanpress.com\/es\/2022\/05\/05\/hunting-fascism-in-ukraine-you-overlooked-fascism-in-russia\/","title":{"rendered":"Cazando el fascismo en Ucrania, pasaste por alto el fascismo en Rusia"},"content":{"rendered":"<div data-type=\"_mgwidget\" data-widget-id=\"1845881\"><\/div>\n<p>        <script>\n            (function(w,q){w[q]=w[q]||[];w[q].push([\"_mgc.load\"])})(window,\"_mgq\");\n        <\/script><br \/>\n    <div class=\"omsc-box\"><div class=\"omsc-box-inner\">En la caza de brujas del fascismo entre grupos marginales en Ucrania y especialmente en la campa\u00f1a para encontrar nazis entre el Regimiento Azov, los comentaristas han pasado por alto el surgimiento del fascismo estatal genuino en Rusia. Esto sucedi\u00f3 <i>porque<\/i> la propaganda rusa abusa de la ignorancia pol\u00edtica para justificar su intervenci\u00f3n militar en Ucrania desde 2014. Su objetivo es sembrar semillas de desconfianza en Ucrania tan ampliamente como sea posible. Fue este mensaje el que se compr\u00f3 en todo el mundo al exponer a los grupos marginales ucranianos sin influencia real ni apoyo p\u00fablico. Pero de hecho, es Rusia la que ha adoptado los principios fundamentales del fascismo y los ha incorporado a su ideolog\u00eda oficial.<\/div><\/div><\/p>\n<p>En los 77 a\u00f1os transcurridos desde el final de la Segunda Guerra Mundial y el Holocausto, los asuntos del fascismo est\u00e1n lo suficientemente cerca ya que algunos sobrevivientes, perpetradores y espectadores todav\u00eda est\u00e1n vivos, pero al mismo tiempo lo suficientemente lejos como para cristalizar una comprensi\u00f3n amateur de eso como el mal definitivo con atributos visibles reconocibles.<\/p>\n<p><strong>El fascismo, en gran medida, se convirti\u00f3 en una palabra para ofender a alguien en lugar de se\u00f1alar la ideolog\u00eda pol\u00edtica de alguien<\/strong>, o para expresar emociones sobre alguna situaci\u00f3n de falta de libertad donde nada est\u00e1 permitido.<\/p>\n<p>Si bien los historiadores y los cient\u00edficos pol\u00edticos ya han desarrollado la definici\u00f3n gen\u00e9rica del fascismo como un movimiento con algunas particularidades ideol\u00f3gicas (ver Griffin, Roger, The Nature of Fascism, 1991), el p\u00fablico en general en su mayor\u00eda no puede diferenciar entre ideolog\u00eda y r\u00e9gimen, y entre fascismo, nazismo y fascismo (el movimiento inicial italiano), por lo tanto, incapaces de reconocerlos cuando vienen en colores diferentes a los habituales.<\/p>\n<p>Despu\u00e9s de secuestrar a Adolf Eichmann de Argentina, la caza de nazis se convirti\u00f3 en una misi\u00f3n honorable. Sin embargo, este negocio no hace que uno sea autom\u00e1ticamente un buen hombre con respeto por la diversidad, por ejemplo, Efraim Zuroff del Centro Simon Wiesenthal es al mismo tiempo un conocido <a href=\"https:\/\/www.haaretz.com\/israel-news\/.premium-why-are-israel-s-top-holocaust-scholars-so-willing-to-deny-this-genocide-1.7677900\">negacionista del genocidio de Srebrenica<\/a>.<\/p>\n<p>Dado que el fascismo, por muchas razones razonables, se entendi\u00f3 como el mal definitivo, el umbral para ser mejor que esto es realmente bajo: basta con declarar que uno est\u00e1 en contra de ello para ser considerado un buen tipo, no importa lo dem\u00e1s que hagas (v\u00e9ase, por ejemplo, la historia del disidente bielorruso Roman Protasevich, cuyo apoyo <a href=\"https:\/\/euromaidanpress.com\/2021\/05\/26\/protasevich-is-a-dissident-not-a-neo-nazi\/\">fue intercambiado<\/a> por cinco minutos de atenci\u00f3n en Internet).<\/p>\n<p>Tambi\u00e9n es suficiente buscar elementos visuales fascistas ignorando completamente la esencia.<strong> \u00bfEs malo el fascismo porque usa s\u00edmbolos solares? No, es porque se opone fundamentalmente a los derechos humanos. Los s\u00edmbolos solares no matan, el odio s\u00ed.<\/strong> Pero muchas personas no detectan el odio si no lleva esv\u00e1stica.<\/p>\n<blockquote class=\"wp-embedded-content\" data-secret=\"UvvHv3XQaW\"><p><a href=\"https:\/\/euromaidanpress.com\/2022\/04\/02\/how-the-west-enabled-genocide-in-mariupol-with-its-misguided-azov-obsession\/\">How the West enabled genocide in Mariupol with its misguided Azov obsession<\/a><\/p><\/blockquote>\n<p><iframe loading=\"lazy\" class=\"wp-embedded-content\" sandbox=\"allow-scripts\" security=\"restricted\" style=\"position: absolute; clip: rect(1px, 1px, 1px, 1px);\" title=\"\u00abHow the West enabled genocide in Mariupol with its misguided Azov obsession\u00bb \u2014 Euromaidan Press\" src=\"https:\/\/euromaidanpress.com\/2022\/04\/02\/how-the-west-enabled-genocide-in-mariupol-with-its-misguided-azov-obsession\/embed\/#?secret=gwMm7eyCU2#?secret=UvvHv3XQaW\" data-secret=\"UvvHv3XQaW\" width=\"600\" height=\"338\" frameborder=\"0\" marginwidth=\"0\" marginheight=\"0\" scrolling=\"no\"><\/iframe><\/p>\n<p><div class=\"omsc-box\"><div class=\"omsc-box-inner\"><strong>La propaganda rusa abusa de esta ignorancia pol\u00edtica para justificar su intervenci\u00f3n militar en Ucrania desde 2014<\/strong>, y para plantar semillas de desconfianza en Ucrania en muchas personas de todo el mundo. <\/div><\/div><\/p>\n<p>Dado que Ucrania, un pa\u00eds de 40 millones, tiene algunos grupos de extrema derecha en \u00e9l, se volvi\u00f3 completamente normal cubrirlos excesivamente en los medios al borde de la publicidad, al mismo tiempo que no se interesan en absoluto por la extrema derecha en el lado ruso y en la pol\u00edtica general imperialista y conservadora (y recientemente fascista) del estado ruso.<\/p>\n<p>Considero que esto es culpar a la v\u00edctima y expresar sentimientos ucranof\u00f3bicos, porque cuando existen algunas fallas en todas partes (ver <a href=\"https:\/\/www.lemonde.fr\/en\/politics\/article\/2022\/04\/25\/french-election-results-in-charts-and-maps-abstention-and-le-pen-gain-ground_5981592_5.html\">los resultados electorales de Marine Le Pen<\/a>) pero se atribuyen espec\u00edficamente a una comunidad en particular, as\u00ed es como funciona el odio.<\/p>\n<p>Apareciendo entre los ganadores al final de la Segunda Guerra Mundial, la URSS se permiti\u00f3 recibir el privilegio de llamarse victoriosa sobre el fascismo, al mismo tiempo que llevaba a cabo una pol\u00edtica totalitaria similar dentro del pa\u00eds y continuaba cooperando con varios movimientos de extrema derecha en todo el mundo.<\/p>\n<p><strong>N<\/strong><strong>adie, excepto los historiadores, record\u00f3 que fueron Stalin y Hitler inicialmente quienes firmaron un <\/strong><strong><a href=\"https:\/\/www.google.com\/url?sa=t&amp;source=web&amp;rct=j&amp;url=https:\/\/euromaidanpress.com\/2017\/07\/01\/the-real-reason-the-kremlin-will-never-completely-disown-the-molotov-ribbentrop-pact-euromaidan-press\/&amp;ved=2ahUKEwi7zLjMh8n3AhWtwAIHHZn2D34QFnoECAkQAQ&amp;usg=AOvVaw3mQLCjSTsNwUoSXXBcV_Ut\">pacto<\/a><\/strong><strong> sobre la no agresi\u00f3n mutua y la partici\u00f3n de Polonia.<\/strong><\/p>\n<p>Este fue el primer paso para despojar a la palabra \"fascismo\" de su significado, palmeando otra interpretaci\u00f3n: los fascistas son aquellos que son enemigos de los sovi\u00e9ticos.<\/p>\n<p><strong>En la Rusia de hoy, <\/strong><strong><em>pobedobesie<\/em><\/strong><strong> (obsesi\u00f3n con la victoria) es una de las partes m\u00e1s importantes de la propaganda.<\/strong><\/p>\n<p>El Kremlin abiertamente contin\u00faa una forma de estalinismo. Esto es f\u00e1cilmente visible si observamos las represiones en curso contra la oposici\u00f3n pol\u00edtica, el <a href=\"https:\/\/www.rferl.org\/a\/russia-memorial-shutdown-confirmed\/31728086.html\">cierre<\/a> de Memorial (una organizaci\u00f3n centrada en el recuerdo de los cr\u00edmenes totalitarios sovi\u00e9ticos), la <a href=\"https:\/\/euromaidanpress.com\/2020\/07\/09\/russias-ping-pong-policy-on-molotov-ribbentrop-pact\/\">prohibici\u00f3n oficial<\/a> de mencionar el pacto Molotov-Ribbentrop y, lo \u00faltimo pero no menos importante, la persecuci\u00f3n de los pueblos ind\u00edgenas en sus territorios.<\/p>\n<p>Los t\u00e1rtaros de Crimea, tras regresar a casa pero a\u00fan no recuperados despu\u00e9s de su deportaci\u00f3n masiva en una sola noche en 1944, <a href=\"https:\/\/euromaidanpress.com\/2014\/07\/07\/russia-resurrects-soviet-ways-in-treatment-of-the-crimean-tatars-2\/\">enfrentan persecuciones<\/a> por motivos \u00e9tnicos y religiosos en Crimea, anexada ilegalmente por Rusia.<\/p>\n<p>El Kremlin deliberadamente <a href=\"https:\/\/euromaidanpress.com\/2020\/05\/02\/memory-wars-how-putin-held-his-jerusalem-benefit-and-why-he-moved-victory-over-japan-day\/\">construye<\/a> la narrativa militarista de un estado fuerte que super\u00f3 el nazismo, tan fuertemente que desplaza las contribuciones de los no rusos, a saber, Ucrania y los pa\u00edses b\u00e1lticos. El enfoque de \"nunca m\u00e1s\" nunca se adopt\u00f3 en Rusia, en cambio \"Podemos repetir\" es el eslogan oficial. Putin declar\u00f3 abiertamente <a href=\"https:\/\/www.youtube.com\/watch?v=K0FJge8nDxM\">declar\u00f3<\/a> que los rusos podr\u00edan haber ganado la Segunda Guerra Mundial sin los ucranianos, una afirmaci\u00f3n que ni siquiera Stalin se hab\u00eda permitido pronunciar.<\/p>\n<p><strong>El segundo paso se hizo aqu\u00ed: si alguien se opone a los sucesores de los vencedores del fascismo, entonces ellos mismos son fascistas.<\/strong><\/p>\n<p><figure id=\"attachment_166525\" aria-describedby=\"caption-attachment-166525\" style=\"width: 453px\" class=\"wp-caption aligncenter\"><img loading=\"lazy\" decoding=\"async\" class=\"wp-image-166525 \" src=\"https:\/\/static.euromaidanpress.com\/wp-content\/uploads\/2022\/05\/ZZZZ.jpg\" alt=\"\" width=\"453\" height=\"399\" srcset=\"https:\/\/euromaidanpress.com\/wp-content\/uploads\/2022\/05\/ZZZZ.jpg 400w, https:\/\/euromaidanpress.com\/wp-content\/uploads\/2022\/05\/ZZZZ-300x265.jpg 300w, https:\/\/euromaidanpress.com\/wp-content\/uploads\/2022\/05\/ZZZZ-362x320.jpg 362w\" sizes=\"auto, (max-width: 453px) 100vw, 453px\" \/><figcaption id=\"caption-attachment-166525\" class=\"wp-caption-text\">Una actuaci\u00f3n oficial de estilo nazi en una escuela rusa que promueve la letra \"Z\" y \"V\" utilizada como un <a href=\"https:\/\/euromaidanpress.com\/2022\/03\/24\/why-do-z-and-v-become-russians-pro-war-symbols\/\">s\u00edmbolo<\/a> de la invasi\u00f3n de Rusia a Ucrania. Los estudiantes personifican a soldados rusos muertos en Ucrania.<\/figcaption><\/figure><\/p>\n<p>Fue este mensaje el que se compr\u00f3 en todo el mundo al exponer a grupos marginales ucranianos con algunos tatuajes desagradables, pasando por alto as\u00ed la naturaleza imperialista del estado ruso.<\/p>\n<p>Los redactores de discursos de Putin pueden literalmente reescribir a Goebbels sobre <em>totalen Krieg<\/em>, los medios financiados por el estado pueden <a href=\"https:\/\/euromaidanpress.com\/2022\/04\/17\/russias-call-for-genocide-of-ukrainians-outstrips-mein-kampf\/\">pedir abiertamente la soluci\u00f3n de la cuesti\u00f3n ucraniana<\/a>, y todos los atributos del genocidio est\u00e1n disponibles para su promoci\u00f3n, pero como no hay esv\u00e1sticas, los cazadores de nazis, desde periodistas y OSINTers hasta personas comunes en Internet, est\u00e1n bien con eso.<\/p>\n<blockquote class=\"wp-embedded-content\" data-secret=\"4jVx5v5Kyt\"><p><a href=\"https:\/\/euromaidanpress.com\/2022\/03\/05\/putin-has-started-solving-the-ukrainian-question\/\">Putin has started \u201csolving the Ukrainian question\u201d<\/a><\/p><\/blockquote>\n<p><iframe loading=\"lazy\" class=\"wp-embedded-content\" sandbox=\"allow-scripts\" security=\"restricted\" style=\"position: absolute; clip: rect(1px, 1px, 1px, 1px);\" title=\"\u00abPutin has started \u201csolving the Ukrainian question\u201d\u00bb \u2014 Euromaidan Press\" src=\"https:\/\/euromaidanpress.com\/2022\/03\/05\/putin-has-started-solving-the-ukrainian-question\/embed\/#?secret=VXXKJhzSEx#?secret=4jVx5v5Kyt\" data-secret=\"4jVx5v5Kyt\" width=\"600\" height=\"338\" frameborder=\"0\" marginwidth=\"0\" marginheight=\"0\" scrolling=\"no\"><\/iframe><\/p>\n<p>Anton Shekhovtsov llama a este estado de cosas \"<a href=\"https:\/\/euromaidanpress.com\/2022\/04\/02\/how-the-west-enabled-genocide-in-mariupol-with-its-misguided-azov-obsession\/\">procrastinaci\u00f3n moral<\/a>\", entendi\u00e9ndola como \"dar preferencia a peque\u00f1as cosas emocionantes en lugar de lidiar con problemas dif\u00edciles que realmente importan\".<\/p>\n<p>Sin embargo, no creo que sea la emoci\u00f3n lo que impulsa, al menos en primer lugar y ante todo, esta b\u00fasqueda de buscar alg\u00fan defecto en el lado defensor del genocidio en curso. Para m\u00ed, es la ignorancia hist\u00f3rica y pol\u00edtica, mencionada anteriormente, interferir con la ucranofobia y el <a href=\"https:\/\/euromaidanpress.com\/2020\/06\/19\/westsplaining-ukraine\/\">westsplaining<\/a> que se derivan de nuestra historia poscolonial.<\/p>\n<blockquote class=\"wp-embedded-content\" data-secret=\"XXML1q2Xre\"><p><a href=\"https:\/\/euromaidanpress.com\/2020\/06\/19\/westsplaining-ukraine\/\">Westsplaining Ukraine<\/a><\/p><\/blockquote>\n<div data-fuse=\"incontent_1\"><\/div>\n<p><iframe loading=\"lazy\" class=\"wp-embedded-content\" sandbox=\"allow-scripts\" security=\"restricted\" style=\"position: absolute; clip: rect(1px, 1px, 1px, 1px);\" title=\"\u00abWestsplaining Ukraine\u00bb \u2014 Euromaidan Press\" src=\"https:\/\/euromaidanpress.com\/2020\/06\/19\/westsplaining-ukraine\/embed\/#?secret=EtCgviWdxI#?secret=XXML1q2Xre\" data-secret=\"XXML1q2Xre\" width=\"600\" height=\"338\" frameborder=\"0\" marginwidth=\"0\" marginheight=\"0\" scrolling=\"no\"><\/iframe><\/p>\n<p><strong>Ucrania se percibe como algo en la \"esfera de influencia\" rusa, se despoj\u00f3 a los ucranianos de su subjetividad pol\u00edtica y personal, con los respectivos discursos impuestos.<\/strong><\/p>\n<p><div class=\"omsc-box\"><div class=\"omsc-box-inner\">Me gustar\u00eda que la gente se hiciera las siguientes preguntas antes de participar en cualquier discusi\u00f3n sobre la extrema derecha en la pol\u00edtica y la historia contempor\u00e1neas de Ucrania:<\/p>\n<ul>\n<li>\u00bfCu\u00e1les son sus fuentes de conocimiento sobre Ucrania? \u00bfEst\u00e1 seguro de que conoce lo suficientemente bien las situaciones sociales actuales e hist\u00f3ricas de Ucrania y Rusia para mantener un debate significativo? \u00bfQu\u00e9 tan bueno es su dominio del ucraniano para recopilar su propia informaci\u00f3n y formar su propia impresi\u00f3n? Si se trata de cuestiones hist\u00f3ricas, \u00bfes lo suficientemente bueno como para entender el ucraniano en sus versiones no contempor\u00e1neas? Cuando rechaza analog\u00edas hist\u00f3ricas ofrecidas por los ucranianos u ofrece sus propias analog\u00edas, \u00bfpuede elaborar sobre la relevancia de esto?<\/li>\n<li>\u00bfToma la ucranofobia tan en serio como otras formas de discriminaci\u00f3n, por ejemplo, el antisemitismo? \u00bfPuede reemplazar a los ucranianos con jud\u00edos en sus declaraciones y garantizar que las frases resultantes no ser\u00e1n antisemitas?<\/li>\n<li>\u00bfEst\u00e1 seguro de que no requiere un comportamiento no solicitado a ninguna otra naci\u00f3n democr\u00e1tica, o la adherencia a est\u00e1ndares m\u00e1s altos de los requeridos de cualquier otra naci\u00f3n democr\u00e1tica, incluida la suya, de los ucranianos?<\/li>\n<li>\u00bfQu\u00e9 definiciones de los t\u00e9rminos \"fascismo\", \"nazismo\", \"extrema derecha\", \"nacionalismo\", \"naci\u00f3n\", \"derecha e izquierda\", etc. utiliza? \u00bfEst\u00e1 seguro de que son acad\u00e9micamente aceptados \u200b\u200by actualizados? \u00bfComprueba si usted y su interlocutor est\u00e1n de acuerdo en los t\u00e9rminos antes de comenzar la conversaci\u00f3n? \u00bfQu\u00e9 suposiciones subyacentes tiene sobre estos t\u00e9rminos? \u00bfSon v\u00e1lidos en todos los contextos contempor\u00e1neos e hist\u00f3ricos, de modo que no <a href=\"https:\/\/www.eurozine.com\/go-east\/\">asocia autom\u00e1ticamente la palabra \"naci\u00f3n\" con \"socialismo nacional\"<\/a>?<\/li>\n<li>\u00bfConoce el consenso acad\u00e9mico sobre el asunto que va a discutir? \u00bfSe preocupa por no parecer en la situaci\u00f3n en la que los investigadores todav\u00eda est\u00e1n debatiendo y carecen de algunos datos, pero su conocimiento profano ya comprende la verdad en su totalidad?<\/li>\n<li>\u00bfEst\u00e1 seguro de que habla con los ucranianos en el mismo tono de voz que con sus conciudadanos? \u00bfQu\u00e9 otros factores (diferencia de sexo, edad, etc.) pueden influir en su redacci\u00f3n y modales en general?<\/li>\n<li>\u00bfCu\u00e1les son sus emociones sobre los temas que desea discutir? \u00bfEst\u00e1 en contacto con ellos? \u00bfPuede nombrarlos y rastrear su origen dentro de usted? \u00bfEs oportuno abordar este tema en este momento?<\/li>\n<li>\u00bfHasta qu\u00e9 punto es consciente de sus sesgos cognitivos, especialmente el sesgo de confirmaci\u00f3n? \u00bfQu\u00e9 medidas toma para reducirlo?<\/li>\n<li>\u00bfQu\u00e9 contribuci\u00f3n constructiva puede aportar a la discusi\u00f3n? \u00bfC\u00f3mo pueden encajar sus sugerencias en el contexto legal y pr\u00e1ctico de Ucrania? \u00bfSon alcanzables? \u00bfPuede asegurar que resuelven problemas antiguos sin crear nuevos? \u00bfHasta qu\u00e9 punto est\u00e1 dispuesto a participar en la soluci\u00f3n?<\/div><\/div><\/li>\n<\/ul>\n<p><strong>Ucrania ha pedido ayuda durante ocho a\u00f1os.<\/strong> Les hemos estado mostrando las ruinas del aeropuerto de Donetsk. Hemos estado mostrando los rostros de los asesinados o encarcelados solo por su etnia. Tenemos tumbas de nuestros h\u00e9roes en cada peque\u00f1a ciudad, tenemos nuestros veteranos y desplazados en cada lugar de trabajo. Hemos estado soportando una carga enorme durante ocho a\u00f1os. Hemos estado llamando a cada puerta durante ocho a\u00f1os hasta que la situaci\u00f3n se desarroll\u00f3 de tal manera que estamos al borde de la Tercera Guerra Mundial.<\/p>\n<p><strong>Esto no podr\u00eda haber sucedido si el mundo hubiera reaccionado mejor en 2014.<\/strong><\/p>\n<p>Ahora Rusia bombardea maternidades bajo el pretexto de que Azov est\u00e1 all\u00ed, el pretexto que ha estado preparando durante ocho a\u00f1os, y algunos periodistas que no tienen el coraje para informar la guerra desde el frente todav\u00eda se preguntan si puedo comentar sobre Azov.<\/p>\n<p>No, no puedo.<\/p>\n<p><div class=\"omsc-box\"><div class=\"omsc-box-inner\"><\/p>\n<p><strong><img loading=\"lazy\" decoding=\"async\" class=\"alignleft size-full wp-image-166520\" src=\"https:\/\/static.euromaidanpress.com\/wp-content\/uploads\/2022\/05\/Hanna.jpg\" alt=\"hanna hrytsenko\" width=\"200\" height=\"197\"><\/strong><\/p>\n<p><strong>Hanna Hrytsenko<\/strong> es una soci\u00f3loga ucraniana, investigadora de los movimientos ultraderechistas ucranianos y activista de g\u00e9nero.<\/p>\n<p><\/div><\/div><\/p>\n<h4 id=\"relacionado\">Relacionado:<\/h4>\n<ul>\n<li><a href=\"https:\/\/euromaidanpress.com\/2022\/04\/07\/what-is-azov-regiment-honest-answers-to-the-most-common-questions\/\"><strong><em>\u00bfQu\u00e9 es el Regimiento Azov? Respuestas honestas a las preguntas m\u00e1s comunes<\/em><\/strong><\/a><\/li>\n<li><u><a href=\"https:\/\/euromaidanpress.com\/2022\/04\/02\/how-the-west-enabled-genocide-in-mariupol-with-its-misguided-azov-obsession\/?swcfpc=1\"><strong><em>C\u00f3mo Occidente permiti\u00f3 el genocidio en Mari\u00fapol con su obsesi\u00f3n equivocada con Azov<\/em><\/strong><\/a><\/u><\/li>\n<li><a href=\"https:\/\/euromaidanpress.com\/2017\/04\/19\/munich-molotov-ribbentrop-pact-revisited-3-way-european-catastrophe\/?swcfpc=1\"><strong><em>M\u00fanich y el pacto Molotov-Ribbentrop revisitados, Parte 3: El camino hacia la cat\u00e1strofe europea<\/em><\/strong><\/a><\/li>\n<li><a href=\"https:\/\/euromaidanpress.com\/2022\/04\/17\/russias-call-for-genocide-of-ukrainians-outstrips-mein-kampf\/?swcfpc=1\"><strong><em><strong><em>El llamado de Rusia al genocidio de los ucranianos supera a Mein Kampf<\/em><\/strong><\/em><\/strong><\/a><\/li>\n<li><a href=\"https:\/\/euromaidanpress.com\/2022\/03\/05\/putin-has-started-solving-the-ukrainian-question\/?swcfpc=1\"><strong><em>Putin ha comenzado a \"resolver la cuesti\u00f3n ucraniana\"<\/em><\/strong><\/a><\/li>\n<li><a href=\"https:\/\/euromaidanpress.com\/2020\/06\/19\/westsplaining-ukraine\/?swcfpc=1\"><strong><em>Westsplaining Ucrania<\/em><\/strong><\/a><\/li>\n<\/ul>\n<div data-type=\"_mgwidget\" data-widget-id=\"1805850\"><\/div>\n<p>        <script>\n            (function(w,q){w[q]=w[q]||[];w[q].push([\"_mgc.load\"])})(window,\"_mgq\");\n        <\/script><\/p>\n","protected":false},"excerpt":{"rendered":"En los 77 a\u00f1os transcurridos desde el final de la Segunda Guerra Mundial y el Holocausto, los asuntos&hellip;\n","protected":false},"author":93,"featured_media":232688,"comment_status":"closed","ping_status":"closed","sticky":false,"template":"","format":"standard","meta":{"_acf_changed":false,"publish_to_discourse":"","publish_post_category":"","wpdc_auto_publish_overridden":"","wpdc_topic_tags":"","wpdc_pin_topic":"","wpdc_pin_until":"","discourse_post_id":"","discourse_permalink":"","wpdc_publishing_response":"","wpdc_publishing_error":"","footnotes":""},"categories":[11237],"tags":[11224,11239,11321,11149],"coauthors":[],"class_list":["post-232686","post","type-post","status-publish","format-standard","has-post-thumbnail","category-opinion-es","tag-russian-invasion-es","tag-russian-imperialism-es","tag-russian-invasion-es-2","tag-spotlight-es","cs-entry","cs-video-wrap"],"acf":[],"yoast_head":"<!-- This site is optimized with the Yoast SEO plugin v28.2 - https:\/\/yoast.com\/product\/yoast-seo-wordpress\/ -->\n<title>Hunting Azov and fascism in Ukraine, you overlooked fascism in Russia<\/title>\n<meta name=\"description\" content=\"In the witchhunt for fascism among fringe groups in Ukraine and especially in the campaign to find Nazis among the Azov Regiment, commentators overlooked the emergence of genuine state fascism in Russia\" \/>\n<meta name=\"robots\" content=\"index, follow, max-snippet:-1, max-image-preview:large, max-video-preview:-1\" \/>\n<link rel=\"canonical\" href=\"https:\/\/euromaidanpress.com\/es\/2022\/05\/05\/hunting-fascism-in-ukraine-you-overlooked-fascism-in-russia\/\" \/>\n<meta property=\"og:locale\" content=\"es_ES\" \/>\n<meta property=\"og:type\" content=\"article\" \/>\n<meta property=\"og:title\" content=\"Hunting Azov and fascism in Ukraine, you overlooked fascism in Russia\" \/>\n<meta property=\"og:description\" content=\"In the witchhunt for fascism among fringe groups in Ukraine and especially in the campaign to find Nazis among the Azov Regiment, commentators overlooked the emergence of genuine state fascism in Russia\" \/>\n<meta property=\"og:url\" content=\"https:\/\/euromaidanpress.com\/es\/2022\/05\/05\/hunting-fascism-in-ukraine-you-overlooked-fascism-in-russia\/\" \/>\n<meta property=\"og:site_name\" content=\"Euromaidan Press\" \/>\n<meta property=\"article:publisher\" content=\"https:\/\/www.facebook.com\/euromaidanpress.en\" \/>\n<meta property=\"article:published_time\" content=\"2022-05-05T17:45:33+00:00\" \/>\n<meta property=\"article:modified_time\" content=\"2023-10-19T12:27:16+00:00\" \/>\n<meta property=\"og:image\" content=\"https:\/\/euromaidanpress.com\/wp-content\/uploads\/2022\/05\/640x472.jpg\" \/>\n\t<meta property=\"og:image:width\" content=\"700\" \/>\n\t<meta property=\"og:image:height\" content=\"516\" \/>\n\t<meta property=\"og:image:type\" content=\"image\/jpeg\" \/>\n<meta name=\"author\" content=\"Euromaidan Press Contributor\" \/>\n<meta name=\"twitter:card\" content=\"summary_large_image\" \/>\n<meta name=\"twitter:creator\" content=\"@euromaidanpress\" \/>\n<meta name=\"twitter:site\" content=\"@euromaidanpress\" \/>\n<meta name=\"twitter:label1\" content=\"Escrito por\" \/>\n\t<meta name=\"twitter:data1\" content=\"Euromaidan Press Contributor\" \/>\n\t<meta name=\"twitter:label2\" content=\"Tiempo de lectura\" \/>\n\t<meta name=\"twitter:data2\" content=\"8 minutos\" \/>\n\t<meta name=\"twitter:label3\" content=\"Written by\" \/>\n\t<meta name=\"twitter:data3\" content=\"Euromaidan Press Contributor\" \/>\n<script type=\"application\/ld+json\" class=\"yoast-schema-graph\">{\"@context\":\"https:\\\/\\\/schema.org\",\"@graph\":[{\"@type\":\"NewsArticle\",\"@id\":\"https:\\\/\\\/euromaidanpress.com\\\/es\\\/2022\\\/05\\\/05\\\/hunting-fascism-in-ukraine-you-overlooked-fascism-in-russia\\\/#article\",\"isPartOf\":{\"@id\":\"https:\\\/\\\/euromaidanpress.com\\\/es\\\/2022\\\/05\\\/05\\\/hunting-fascism-in-ukraine-you-overlooked-fascism-in-russia\\\/\"},\"author\":{\"name\":\"Euromaidan Press Contributor\",\"@id\":\"https:\\\/\\\/euromaidanpress.com\\\/es\\\/#\\\/schema\\\/person\\\/07bf6ec5b8da950951c39ad520334f6f\"},\"headline\":\"Cazando el fascismo en Ucrania, pasaste por alto el fascismo en Rusia\",\"datePublished\":\"2022-05-05T17:45:33+00:00\",\"dateModified\":\"2023-10-19T12:27:16+00:00\",\"mainEntityOfPage\":{\"@id\":\"https:\\\/\\\/euromaidanpress.com\\\/es\\\/2022\\\/05\\\/05\\\/hunting-fascism-in-ukraine-you-overlooked-fascism-in-russia\\\/\"},\"wordCount\":1988,\"publisher\":{\"@id\":\"https:\\\/\\\/euromaidanpress.com\\\/es\\\/#organization\"},\"image\":{\"@id\":\"https:\\\/\\\/euromaidanpress.com\\\/es\\\/2022\\\/05\\\/05\\\/hunting-fascism-in-ukraine-you-overlooked-fascism-in-russia\\\/#primaryimage\"},\"thumbnailUrl\":\"https:\\\/\\\/euromaidanpress.com\\\/wp-content\\\/uploads\\\/2022\\\/05\\\/640x472.jpg\",\"keywords\":[\"Invasi\u00f3n rusa\",\"Russian imperialism\",\"Russian invasion\",\"spotlight\"],\"articleSection\":[\"Opinion\"],\"inLanguage\":\"es\"},{\"@type\":\"WebPage\",\"@id\":\"https:\\\/\\\/euromaidanpress.com\\\/es\\\/2022\\\/05\\\/05\\\/hunting-fascism-in-ukraine-you-overlooked-fascism-in-russia\\\/\",\"url\":\"https:\\\/\\\/euromaidanpress.com\\\/es\\\/2022\\\/05\\\/05\\\/hunting-fascism-in-ukraine-you-overlooked-fascism-in-russia\\\/\",\"name\":\"Hunting Azov and fascism in Ukraine, you overlooked fascism in Russia\",\"isPartOf\":{\"@id\":\"https:\\\/\\\/euromaidanpress.com\\\/es\\\/#website\"},\"primaryImageOfPage\":{\"@id\":\"https:\\\/\\\/euromaidanpress.com\\\/es\\\/2022\\\/05\\\/05\\\/hunting-fascism-in-ukraine-you-overlooked-fascism-in-russia\\\/#primaryimage\"},\"image\":{\"@id\":\"https:\\\/\\\/euromaidanpress.com\\\/es\\\/2022\\\/05\\\/05\\\/hunting-fascism-in-ukraine-you-overlooked-fascism-in-russia\\\/#primaryimage\"},\"thumbnailUrl\":\"https:\\\/\\\/euromaidanpress.com\\\/wp-content\\\/uploads\\\/2022\\\/05\\\/640x472.jpg\",\"datePublished\":\"2022-05-05T17:45:33+00:00\",\"dateModified\":\"2023-10-19T12:27:16+00:00\",\"description\":\"In the witchhunt for fascism among fringe groups in Ukraine and especially in the campaign to find Nazis among the Azov Regiment, commentators overlooked the emergence of genuine state fascism in Russia\",\"breadcrumb\":{\"@id\":\"https:\\\/\\\/euromaidanpress.com\\\/es\\\/2022\\\/05\\\/05\\\/hunting-fascism-in-ukraine-you-overlooked-fascism-in-russia\\\/#breadcrumb\"},\"inLanguage\":\"es\",\"potentialAction\":[{\"@type\":\"ReadAction\",\"target\":[\"https:\\\/\\\/euromaidanpress.com\\\/es\\\/2022\\\/05\\\/05\\\/hunting-fascism-in-ukraine-you-overlooked-fascism-in-russia\\\/\"]}]},{\"@type\":\"ImageObject\",\"inLanguage\":\"es\",\"@id\":\"https:\\\/\\\/euromaidanpress.com\\\/es\\\/2022\\\/05\\\/05\\\/hunting-fascism-in-ukraine-you-overlooked-fascism-in-russia\\\/#primaryimage\",\"url\":\"https:\\\/\\\/euromaidanpress.com\\\/wp-content\\\/uploads\\\/2022\\\/05\\\/640x472.jpg\",\"contentUrl\":\"https:\\\/\\\/euromaidanpress.com\\\/wp-content\\\/uploads\\\/2022\\\/05\\\/640x472.jpg\",\"width\":700,\"height\":516,\"caption\":\"Una procesi\u00f3n con antorchas durante una manifestaci\u00f3n de nacionalistas rusos en Crimea, 7 de enero de 2014. Durante ella, se quemaron libros ucranianos, as\u00ed como libros sobre la historia de Ucrania. Foto: Censor.net\"},{\"@type\":\"BreadcrumbList\",\"@id\":\"https:\\\/\\\/euromaidanpress.com\\\/es\\\/2022\\\/05\\\/05\\\/hunting-fascism-in-ukraine-you-overlooked-fascism-in-russia\\\/#breadcrumb\",\"itemListElement\":[{\"@type\":\"ListItem\",\"position\":1,\"name\":\"Opinion\",\"item\":\"https:\\\/\\\/euromaidanpress.com\\\/es\\\/category\\\/more-es\\\/opinion-es\\\/\"},{\"@type\":\"ListItem\",\"position\":2,\"name\":\"Cazando el fascismo en Ucrania, pasaste por alto el fascismo en Rusia\"}]},{\"@type\":\"WebSite\",\"@id\":\"https:\\\/\\\/euromaidanpress.com\\\/es\\\/#website\",\"url\":\"https:\\\/\\\/euromaidanpress.com\\\/es\\\/\",\"name\":\"Euromaidan Press\",\"description\":\"Ukraine news and views\",\"publisher\":{\"@id\":\"https:\\\/\\\/euromaidanpress.com\\\/es\\\/#organization\"},\"potentialAction\":[{\"@type\":\"SearchAction\",\"target\":{\"@type\":\"EntryPoint\",\"urlTemplate\":\"https:\\\/\\\/euromaidanpress.com\\\/es\\\/?s={search_term_string}\"},\"query-input\":{\"@type\":\"PropertyValueSpecification\",\"valueRequired\":true,\"valueName\":\"search_term_string\"}}],\"inLanguage\":\"es\"},{\"@type\":\"Organization\",\"@id\":\"https:\\\/\\\/euromaidanpress.com\\\/es\\\/#organization\",\"name\":\"Euromaidan Press\",\"url\":\"https:\\\/\\\/euromaidanpress.com\\\/es\\\/\",\"logo\":{\"@type\":\"ImageObject\",\"inLanguage\":\"es\",\"@id\":\"https:\\\/\\\/euromaidanpress.com\\\/es\\\/#\\\/schema\\\/logo\\\/image\\\/\",\"url\":\"https:\\\/\\\/euromaidanpress.com\\\/wp-content\\\/uploads\\\/2023\\\/12\\\/logo_broadcast1.png\",\"contentUrl\":\"https:\\\/\\\/euromaidanpress.com\\\/wp-content\\\/uploads\\\/2023\\\/12\\\/logo_broadcast1.png\",\"width\":892,\"height\":675,\"caption\":\"Euromaidan Press\"},\"image\":{\"@id\":\"https:\\\/\\\/euromaidanpress.com\\\/es\\\/#\\\/schema\\\/logo\\\/image\\\/\"},\"sameAs\":[\"https:\\\/\\\/www.facebook.com\\\/euromaidanpress.en\",\"https:\\\/\\\/x.com\\\/euromaidanpress\",\"https:\\\/\\\/www.instagram.com\\\/euromaidanpress\",\"https:\\\/\\\/www.youtube.com\\\/@euromaidanpress_official\",\"https:\\\/\\\/www.linkedin.com\\\/company\\\/euromaidanpress\\\/?viewAsMember=true\",\"https:\\\/\\\/www.threads.net\\\/@euromaidanpress\\\/\",\"https:\\\/\\\/bsky.app\\\/profile\\\/euromaidanpress.bsky.social\",\"https:\\\/\\\/mastodon.social\\\/@EuromaidanPress\"]},{\"@type\":\"Person\",\"@id\":\"https:\\\/\\\/euromaidanpress.com\\\/es\\\/#\\\/schema\\\/person\\\/07bf6ec5b8da950951c39ad520334f6f\",\"name\":\"Euromaidan Press Contributor\",\"image\":{\"@type\":\"ImageObject\",\"inLanguage\":\"es\",\"@id\":\"https:\\\/\\\/secure.gravatar.com\\\/avatar\\\/e17ace88b7eb4437967a2e7e620e0a048f150bd7a6b3d3377fb7b50c013d8bb8?s=96&d=mm&r=g600ff3b6a954c5e1fd7e48e9bf4521c5\",\"url\":\"https:\\\/\\\/secure.gravatar.com\\\/avatar\\\/e17ace88b7eb4437967a2e7e620e0a048f150bd7a6b3d3377fb7b50c013d8bb8?s=96&d=mm&r=g\",\"contentUrl\":\"https:\\\/\\\/secure.gravatar.com\\\/avatar\\\/e17ace88b7eb4437967a2e7e620e0a048f150bd7a6b3d3377fb7b50c013d8bb8?s=96&d=mm&r=g\",\"caption\":\"Euromaidan Press Contributor\"},\"url\":\"https:\\\/\\\/euromaidanpress.com\\\/es\\\/author\\\/euromaidan-press-contributor\\\/\"}]}<\/script>\n<!-- \/ Yoast SEO plugin. -->","yoast_head_json":{"title":"Hunting Azov and fascism in Ukraine, you overlooked fascism in Russia","description":"In the witchhunt for fascism among fringe groups in Ukraine and especially in the campaign to find Nazis among the Azov Regiment, commentators overlooked the emergence of genuine state fascism in Russia","robots":{"index":"index","follow":"follow","max-snippet":"max-snippet:-1","max-image-preview":"max-image-preview:large","max-video-preview":"max-video-preview:-1"},"canonical":"https:\/\/euromaidanpress.com\/es\/2022\/05\/05\/hunting-fascism-in-ukraine-you-overlooked-fascism-in-russia\/","og_locale":"es_ES","og_type":"article","og_title":"Hunting Azov and fascism in Ukraine, you overlooked fascism in Russia","og_description":"In the witchhunt for fascism among fringe groups in Ukraine and especially in the campaign to find Nazis among the Azov Regiment, commentators overlooked the emergence of genuine state fascism in Russia","og_url":"https:\/\/euromaidanpress.com\/es\/2022\/05\/05\/hunting-fascism-in-ukraine-you-overlooked-fascism-in-russia\/","og_site_name":"Euromaidan Press","article_publisher":"https:\/\/www.facebook.com\/euromaidanpress.en","article_published_time":"2022-05-05T17:45:33+00:00","article_modified_time":"2023-10-19T12:27:16+00:00","og_image":[{"width":700,"height":516,"url":"https:\/\/euromaidanpress.com\/wp-content\/uploads\/2022\/05\/640x472.jpg","type":"image\/jpeg"}],"author":"Euromaidan Press Contributor","twitter_card":"summary_large_image","twitter_creator":"@euromaidanpress","twitter_site":"@euromaidanpress","twitter_misc":{"Escrito por":"Euromaidan Press Contributor","Tiempo de lectura":"8 minutos","Written by":"Euromaidan Press Contributor"},"schema":{"@context":"https:\/\/schema.org","@graph":[{"@type":"NewsArticle","@id":"https:\/\/euromaidanpress.com\/es\/2022\/05\/05\/hunting-fascism-in-ukraine-you-overlooked-fascism-in-russia\/#article","isPartOf":{"@id":"https:\/\/euromaidanpress.com\/es\/2022\/05\/05\/hunting-fascism-in-ukraine-you-overlooked-fascism-in-russia\/"},"author":{"name":"Euromaidan Press Contributor","@id":"https:\/\/euromaidanpress.com\/es\/#\/schema\/person\/07bf6ec5b8da950951c39ad520334f6f"},"headline":"Cazando el fascismo en Ucrania, pasaste por alto el fascismo en Rusia","datePublished":"2022-05-05T17:45:33+00:00","dateModified":"2023-10-19T12:27:16+00:00","mainEntityOfPage":{"@id":"https:\/\/euromaidanpress.com\/es\/2022\/05\/05\/hunting-fascism-in-ukraine-you-overlooked-fascism-in-russia\/"},"wordCount":1988,"publisher":{"@id":"https:\/\/euromaidanpress.com\/es\/#organization"},"image":{"@id":"https:\/\/euromaidanpress.com\/es\/2022\/05\/05\/hunting-fascism-in-ukraine-you-overlooked-fascism-in-russia\/#primaryimage"},"thumbnailUrl":"https:\/\/euromaidanpress.com\/wp-content\/uploads\/2022\/05\/640x472.jpg","keywords":["Invasi\u00f3n rusa","Russian imperialism","Russian invasion","spotlight"],"articleSection":["Opinion"],"inLanguage":"es"},{"@type":"WebPage","@id":"https:\/\/euromaidanpress.com\/es\/2022\/05\/05\/hunting-fascism-in-ukraine-you-overlooked-fascism-in-russia\/","url":"https:\/\/euromaidanpress.com\/es\/2022\/05\/05\/hunting-fascism-in-ukraine-you-overlooked-fascism-in-russia\/","name":"Hunting Azov and fascism in Ukraine, you overlooked fascism in Russia","isPartOf":{"@id":"https:\/\/euromaidanpress.com\/es\/#website"},"primaryImageOfPage":{"@id":"https:\/\/euromaidanpress.com\/es\/2022\/05\/05\/hunting-fascism-in-ukraine-you-overlooked-fascism-in-russia\/#primaryimage"},"image":{"@id":"https:\/\/euromaidanpress.com\/es\/2022\/05\/05\/hunting-fascism-in-ukraine-you-overlooked-fascism-in-russia\/#primaryimage"},"thumbnailUrl":"https:\/\/euromaidanpress.com\/wp-content\/uploads\/2022\/05\/640x472.jpg","datePublished":"2022-05-05T17:45:33+00:00","dateModified":"2023-10-19T12:27:16+00:00","description":"In the witchhunt for fascism among fringe groups in Ukraine and especially in the campaign to find Nazis among the Azov Regiment, commentators overlooked the emergence of genuine state fascism in Russia","breadcrumb":{"@id":"https:\/\/euromaidanpress.com\/es\/2022\/05\/05\/hunting-fascism-in-ukraine-you-overlooked-fascism-in-russia\/#breadcrumb"},"inLanguage":"es","potentialAction":[{"@type":"ReadAction","target":["https:\/\/euromaidanpress.com\/es\/2022\/05\/05\/hunting-fascism-in-ukraine-you-overlooked-fascism-in-russia\/"]}]},{"@type":"ImageObject","inLanguage":"es","@id":"https:\/\/euromaidanpress.com\/es\/2022\/05\/05\/hunting-fascism-in-ukraine-you-overlooked-fascism-in-russia\/#primaryimage","url":"https:\/\/euromaidanpress.com\/wp-content\/uploads\/2022\/05\/640x472.jpg","contentUrl":"https:\/\/euromaidanpress.com\/wp-content\/uploads\/2022\/05\/640x472.jpg","width":700,"height":516,"caption":"Una procesi\u00f3n con antorchas durante una manifestaci\u00f3n de nacionalistas rusos en Crimea, 7 de enero de 2014. Durante ella, se quemaron libros ucranianos, as\u00ed como libros sobre la historia de Ucrania. Foto: Censor.net"},{"@type":"BreadcrumbList","@id":"https:\/\/euromaidanpress.com\/es\/2022\/05\/05\/hunting-fascism-in-ukraine-you-overlooked-fascism-in-russia\/#breadcrumb","itemListElement":[{"@type":"ListItem","position":1,"name":"Opinion","item":"https:\/\/euromaidanpress.com\/es\/category\/more-es\/opinion-es\/"},{"@type":"ListItem","position":2,"name":"Cazando el fascismo en Ucrania, pasaste por alto el fascismo en Rusia"}]},{"@type":"WebSite","@id":"https:\/\/euromaidanpress.com\/es\/#website","url":"https:\/\/euromaidanpress.com\/es\/","name":"Euromaidan Press","description":"Ukraine news and views","publisher":{"@id":"https:\/\/euromaidanpress.com\/es\/#organization"},"potentialAction":[{"@type":"SearchAction","target":{"@type":"EntryPoint","urlTemplate":"https:\/\/euromaidanpress.com\/es\/?s={search_term_string}"},"query-input":{"@type":"PropertyValueSpecification","valueRequired":true,"valueName":"search_term_string"}}],"inLanguage":"es"},{"@type":"Organization","@id":"https:\/\/euromaidanpress.com\/es\/#organization","name":"Euromaidan Press","url":"https:\/\/euromaidanpress.com\/es\/","logo":{"@type":"ImageObject","inLanguage":"es","@id":"https:\/\/euromaidanpress.com\/es\/#\/schema\/logo\/image\/","url":"https:\/\/euromaidanpress.com\/wp-content\/uploads\/2023\/12\/logo_broadcast1.png","contentUrl":"https:\/\/euromaidanpress.com\/wp-content\/uploads\/2023\/12\/logo_broadcast1.png","width":892,"height":675,"caption":"Euromaidan Press"},"image":{"@id":"https:\/\/euromaidanpress.com\/es\/#\/schema\/logo\/image\/"},"sameAs":["https:\/\/www.facebook.com\/euromaidanpress.en","https:\/\/x.com\/euromaidanpress","https:\/\/www.instagram.com\/euromaidanpress","https:\/\/www.youtube.com\/@euromaidanpress_official","https:\/\/www.linkedin.com\/company\/euromaidanpress\/?viewAsMember=true","https:\/\/www.threads.net\/@euromaidanpress\/","https:\/\/bsky.app\/profile\/euromaidanpress.bsky.social","https:\/\/mastodon.social\/@EuromaidanPress"]},{"@type":"Person","@id":"https:\/\/euromaidanpress.com\/es\/#\/schema\/person\/07bf6ec5b8da950951c39ad520334f6f","name":"Euromaidan Press Contributor","image":{"@type":"ImageObject","inLanguage":"es","@id":"https:\/\/secure.gravatar.com\/avatar\/e17ace88b7eb4437967a2e7e620e0a048f150bd7a6b3d3377fb7b50c013d8bb8?s=96&d=mm&r=g600ff3b6a954c5e1fd7e48e9bf4521c5","url":"https:\/\/secure.gravatar.com\/avatar\/e17ace88b7eb4437967a2e7e620e0a048f150bd7a6b3d3377fb7b50c013d8bb8?s=96&d=mm&r=g","contentUrl":"https:\/\/secure.gravatar.com\/avatar\/e17ace88b7eb4437967a2e7e620e0a048f150bd7a6b3d3377fb7b50c013d8bb8?s=96&d=mm&r=g","caption":"Euromaidan Press Contributor"},"url":"https:\/\/euromaidanpress.com\/es\/author\/euromaidan-press-contributor\/"}]}},"_links":{"self":[{"href":"https:\/\/euromaidanpress.com\/es\/wp-json\/wp\/v2\/posts\/232686","targetHints":{"allow":["GET"]}}],"collection":[{"href":"https:\/\/euromaidanpress.com\/es\/wp-json\/wp\/v2\/posts"}],"about":[{"href":"https:\/\/euromaidanpress.com\/es\/wp-json\/wp\/v2\/types\/post"}],"author":[{"embeddable":true,"href":"https:\/\/euromaidanpress.com\/es\/wp-json\/wp\/v2\/users\/93"}],"replies":[{"embeddable":true,"href":"https:\/\/euromaidanpress.com\/es\/wp-json\/wp\/v2\/comments?post=232686"}],"version-history":[{"count":0,"href":"https:\/\/euromaidanpress.com\/es\/wp-json\/wp\/v2\/posts\/232686\/revisions"}],"wp:featuredmedia":[{"embeddable":true,"href":"https:\/\/euromaidanpress.com\/es\/wp-json\/wp\/v2\/media\/232688"}],"wp:attachment":[{"href":"https:\/\/euromaidanpress.com\/es\/wp-json\/wp\/v2\/media?parent=232686"}],"wp:term":[{"taxonomy":"category","embeddable":true,"href":"https:\/\/euromaidanpress.com\/es\/wp-json\/wp\/v2\/categories?post=232686"},{"taxonomy":"post_tag","embeddable":true,"href":"https:\/\/euromaidanpress.com\/es\/wp-json\/wp\/v2\/tags?post=232686"},{"taxonomy":"author","embeddable":true,"href":"https:\/\/euromaidanpress.com\/es\/wp-json\/wp\/v2\/coauthors?post=232686"}],"curies":[{"name":"wp","href":"https:\/\/api.w.org\/{rel}","templated":true}]}}